{"id":5303,"date":"2026-04-16T17:25:12","date_gmt":"2026-04-16T21:25:12","guid":{"rendered":"https:\/\/pastocalle.gob.ec\/cotopaxi\/?p=5303"},"modified":"2026-04-16T17:25:12","modified_gmt":"2026-04-16T21:25:12","slug":"5303-2","status":"publish","type":"post","link":"https:\/\/pastocalle.gob.ec\/cotopaxi\/5303-2\/","title":{"rendered":""},"content":{"rendered":"<p><span class=\"html-span xexx8yu xyri2b x18d9i69 x1c1uobl x1hl2dhg x16tdsg8 x1vvkbs x3nfvp2 x1j61x8r x1fcty0u xdj266r xat24cr xm2jcoa x1mpyi22 xxymvpz xlup9mm x1kky2od\"><img loading=\"lazy\" decoding=\"async\" class=\"xz74otr x15mokao x1ga7v0g x16uus16 xbiv7yw\" src=\"https:\/\/static.xx.fbcdn.net\/images\/emoji.php\/v9\/tc\/1\/16\/1f466.png\" alt=\"\ud83d\udc66\" width=\"16\" height=\"16\" \/><\/span><span class=\"html-span xexx8yu xyri2b x18d9i69 x1c1uobl x1hl2dhg x16tdsg8 x1vvkbs x3nfvp2 x1j61x8r x1fcty0u xdj266r xat24cr xm2jcoa x1mpyi22 xxymvpz xlup9mm x1kky2od\"><img loading=\"lazy\" decoding=\"async\" class=\"xz74otr x15mokao x1ga7v0g x16uus16 xbiv7yw\" src=\"https:\/\/static.xx.fbcdn.net\/images\/emoji.php\/v9\/t8d\/1\/16\/1f467.png\" alt=\"\ud83d\udc67\" width=\"16\" height=\"16\" \/><\/span>\ud835\uddd8\ud835\uddf9 \ud835\uddda\ud835\uddd4\ud835\uddd7\ud835\udde3\ud835\udde5 \ud835\udde6\ud835\uddee\ud835\uddfb \ud835\udddd\ud835\ude02\ud835\uddee\ud835\uddfb \ud835\uddf1\ud835\uddf2 \ud835\udde3\ud835\uddee\ud835\ude00\ud835\ude01\ud835\uddfc\ud835\uddf0\ud835\uddee\ud835\uddf9\ud835\uddf9\ud835\uddf2, \ud835\uddf2\ud835\uddfb \ud835\uddf0\ud835\uddfc\ud835\uddfc\ud835\uddff\ud835\uddf1\ud835\uddf6\ud835\uddfb\ud835\uddee\ud835\uddf0\ud835\uddf6\ud835\uddfc\u0301\ud835\uddfb \ud835\uddf0\ud835\uddfc\ud835\uddfb \ud835\uddf2\ud835\uddf9 \ud835\udde3\ud835\uddee\ud835\ude01\ud835\uddff\ud835\uddfc\ud835\uddfb\ud835\uddee\ud835\ude01\ud835\uddfc \ud835\udde0\ud835\ude02\ud835\uddfb\ud835\uddf6\ud835\uddf0\ud835\uddf6\ud835\uddfd\ud835\uddee\ud835\uddf9 \ud835\uddf1\ud835\uddf2 \ud835\udddf\ud835\uddee\ud835\ude01\ud835\uddee\ud835\uddf0\ud835\ude02\ud835\uddfb\ud835\uddf4\ud835\uddee, llev\u00f3 a cabo las Colonias Vacacionales 2025 <span class=\"html-span xexx8yu xyri2b x18d9i69 x1c1uobl x1hl2dhg x16tdsg8 x1vvkbs x3nfvp2 x1j61x8r x1fcty0u xdj266r xat24cr xm2jcoa x1mpyi22 xxymvpz xlup9mm x1kky2od\"><img loading=\"lazy\" decoding=\"async\" class=\"xz74otr x15mokao x1ga7v0g x16uus16 xbiv7yw\" src=\"https:\/\/static.xx.fbcdn.net\/images\/emoji.php\/v9\/t8c\/1\/16\/1f389.png\" alt=\"\ud83c\udf89\" width=\"16\" height=\"16\" \/><\/span><span class=\"html-span xexx8yu xyri2b x18d9i69 x1c1uobl x1hl2dhg x16tdsg8 x1vvkbs x3nfvp2 x1j61x8r x1fcty0u xdj266r xat24cr xm2jcoa x1mpyi22 xxymvpz xlup9mm x1kky2od\"><img loading=\"lazy\" decoding=\"async\" class=\"xz74otr x15mokao x1ga7v0g x16uus16 xbiv7yw\" src=\"https:\/\/static.xx.fbcdn.net\/images\/emoji.php\/v9\/tf4\/1\/16\/2728.png\" alt=\"\u2728\" width=\"16\" height=\"16\" \/><\/span><\/p>\n<div class=\"x14z9mp xat24cr x1lziwak x1vvkbs xtlvy1s x126k92a\">\n<div dir=\"auto\">Nuestros ni\u00f1os, ni\u00f1as y adolescentes disfrutaron de una d\u00eda lleno de aprendizaje, recreaci\u00f3n y diversi\u00f3n, con actividades educativas, culturales y deportivas que fortalecen valores y promueven la integraci\u00f3n comunitaria <span class=\"html-span xexx8yu xyri2b x18d9i69 x1c1uobl x1hl2dhg x16tdsg8 x1vvkbs x3nfvp2 x1j61x8r x1fcty0u xdj266r xat24cr xm2jcoa x1mpyi22 xxymvpz xlup9mm x1kky2od\"><img loading=\"lazy\" decoding=\"async\" class=\"xz74otr x15mokao x1ga7v0g x16uus16 xbiv7yw\" src=\"https:\/\/static.xx.fbcdn.net\/images\/emoji.php\/v9\/t64\/1\/16\/1f91d.png\" alt=\"\ud83e\udd1d\" width=\"16\" height=\"16\" \/><\/span><span class=\"html-span xexx8yu xyri2b x18d9i69 x1c1uobl x1hl2dhg x16tdsg8 x1vvkbs x3nfvp2 x1j61x8r x1fcty0u xdj266r xat24cr xm2jcoa x1mpyi22 xxymvpz xlup9mm x1kky2od\"><img loading=\"lazy\" decoding=\"async\" class=\"xz74otr x15mokao x1ga7v0g x16uus16 xbiv7yw\" src=\"https:\/\/static.xx.fbcdn.net\/images\/emoji.php\/v9\/t94\/1\/16\/1f49a.png\" alt=\"\ud83d\udc9a\" width=\"16\" height=\"16\" \/><\/span>.<\/div>\n<\/div>\n<div class=\"x14z9mp xat24cr x1lziwak x1vvkbs xtlvy1s x126k92a\">\n<div dir=\"auto\"><img loading=\"lazy\" decoding=\"async\" class=\"alignnone size-thumbnail wp-image-5304\" src=\"https:\/\/pastocalle.gob.ec\/cotopaxi\/wp-content\/uploads\/2026\/04\/535473765_804739575447814_3180863868246873300_n-150x150.jpg\" alt=\"\" width=\"150\" height=\"150\" \/> <img loading=\"lazy\" decoding=\"async\" class=\"alignnone size-thumbnail wp-image-5305\" src=\"https:\/\/pastocalle.gob.ec\/cotopaxi\/wp-content\/uploads\/2026\/04\/536177885_804739552114483_529012060466013048_n-150x150.jpg\" alt=\"\" width=\"150\" height=\"150\" \/> <img loading=\"lazy\" decoding=\"async\" class=\"alignnone size-thumbnail wp-image-5306\" src=\"https:\/\/pastocalle.gob.ec\/cotopaxi\/wp-content\/uploads\/2026\/04\/535554765_804739535447818_6285116597241823597_n-150x150.jpg\" alt=\"\" width=\"150\" height=\"150\" \/><\/div>\n<\/div>\n","protected":false},"excerpt":{"rendered":"<p>\ud835\uddd8\ud835\uddf9 \ud835\uddda\ud835\uddd4\ud835\uddd7\ud835\udde3\ud835\udde5 \ud835\udde6\ud835\uddee\ud835\uddfb \ud835\udddd\ud835\ude02\ud835\uddee\ud835\uddfb \ud835\uddf1\ud835\uddf2 \ud835\udde3\ud835\uddee\ud835\ude00\ud835\ude01\ud835\uddfc\ud835\uddf0\ud835\uddee\ud835\uddf9\ud835\uddf9\ud835\uddf2, \ud835\uddf2\ud835\uddfb \ud835\uddf0\ud835\uddfc\ud835\uddfc\ud835\uddff\ud835\uddf1\ud835\uddf6\ud835\uddfb\ud835\uddee\ud835\uddf0\ud835\uddf6\ud835\uddfc\u0301\ud835\uddfb \ud835\uddf0\ud835\uddfc\ud835\uddfb \ud835\uddf2\ud835\uddf9 \ud835\udde3\ud835\uddee\ud835\ude01\ud835\uddff\ud835\uddfc\ud835\uddfb\ud835\uddee\ud835\ude01\ud835\uddfc \ud835\udde0\ud835\ude02\ud835\uddfb\ud835\uddf6\ud835\uddf0\ud835\uddf6\ud835\uddfd\ud835\uddee\ud835\uddf9 \ud835\uddf1\ud835\uddf2 \ud835\udddf\ud835\uddee\ud835\ude01\ud835\uddee\ud835\uddf0\ud835\ude02\ud835\uddfb\ud835\uddf4\ud835\uddee, llev\u00f3 a cabo las Colonias Vacacionales 2025 Nuestros ni\u00f1os, ni\u00f1as y adolescentes disfrutaron de una d\u00eda lleno de aprendizaje, recreaci\u00f3n y diversi\u00f3n, con actividades educativas, culturales y deportivas que fortalecen valores y promueven la integraci\u00f3n comunitaria .<\/p>\n","protected":false},"author":3,"featured_media":5304,"comment_status":"closed","ping_status":"closed","sticky":false,"template":"","format":"standard","meta":{"footnotes":""},"categories":[1],"tags":[],"class_list":["post-5303","post","type-post","status-publish","format-standard","has-post-thumbnail","hentry","category-sin-categoria"],"yoast_head":"<!-- This site is optimized with the Yoast SEO plugin v26.9 - https:\/\/yoast.com\/product\/yoast-seo-wordpress\/ -->\n<title>- GAD parroquial Pastocalle<\/title>\n<meta name=\"robots\" content=\"index, follow, max-snippet:-1, max-image-preview:large, max-video-preview:-1\" \/>\n<link rel=\"canonical\" href=\"https:\/\/pastocalle.gob.ec\/cotopaxi\/5303-2\/\" \/>\n<meta property=\"og:locale\" content=\"es_ES\" \/>\n<meta property=\"og:type\" content=\"article\" \/>\n<meta property=\"og:title\" content=\"- GAD parroquial Pastocalle\" \/>\n<meta property=\"og:description\" content=\"\ud835\uddd8\ud835\uddf9 \ud835\uddda\ud835\uddd4\ud835\uddd7\ud835\udde3\ud835\udde5 \ud835\udde6\ud835\uddee\ud835\uddfb \ud835\udddd\ud835\ude02\ud835\uddee\ud835\uddfb \ud835\uddf1\ud835\uddf2 \ud835\udde3\ud835\uddee\ud835\ude00\ud835\ude01\ud835\uddfc\ud835\uddf0\ud835\uddee\ud835\uddf9\ud835\uddf9\ud835\uddf2, \ud835\uddf2\ud835\uddfb \ud835\uddf0\ud835\uddfc\ud835\uddfc\ud835\uddff\ud835\uddf1\ud835\uddf6\ud835\uddfb\ud835\uddee\ud835\uddf0\ud835\uddf6\ud835\uddfc\u0301\ud835\uddfb \ud835\uddf0\ud835\uddfc\ud835\uddfb \ud835\uddf2\ud835\uddf9 \ud835\udde3\ud835\uddee\ud835\ude01\ud835\uddff\ud835\uddfc\ud835\uddfb\ud835\uddee\ud835\ude01\ud835\uddfc \ud835\udde0\ud835\ude02\ud835\uddfb\ud835\uddf6\ud835\uddf0\ud835\uddf6\ud835\uddfd\ud835\uddee\ud835\uddf9 \ud835\uddf1\ud835\uddf2 \ud835\udddf\ud835\uddee\ud835\ude01\ud835\uddee\ud835\uddf0\ud835\ude02\ud835\uddfb\ud835\uddf4\ud835\uddee, llev\u00f3 a cabo las Colonias Vacacionales 2025 Nuestros ni\u00f1os, ni\u00f1as y adolescentes disfrutaron de una d\u00eda lleno de aprendizaje, recreaci\u00f3n y diversi\u00f3n, con actividades educativas, culturales y deportivas que fortalecen valores y promueven la integraci\u00f3n comunitaria .\" \/>\n<meta property=\"og:url\" content=\"https:\/\/pastocalle.gob.ec\/cotopaxi\/5303-2\/\" \/>\n<meta property=\"og:site_name\" content=\"GAD parroquial Pastocalle\" \/>\n<meta property=\"article:published_time\" content=\"2026-04-16T21:25:12+00:00\" \/>\n<meta property=\"og:image\" content=\"https:\/\/pastocalle.gob.ec\/cotopaxi\/wp-content\/uploads\/2026\/04\/535473765_804739575447814_3180863868246873300_n.jpg\" \/>\n\t<meta property=\"og:image:width\" content=\"1280\" \/>\n\t<meta property=\"og:image:height\" content=\"960\" \/>\n\t<meta property=\"og:image:type\" content=\"image\/jpeg\" \/>\n<meta name=\"author\" content=\"PASTOCALLE\" \/>\n<meta name=\"twitter:card\" content=\"summary_large_image\" \/>\n<meta name=\"twitter:label1\" content=\"Escrito por\" \/>\n\t<meta name=\"twitter:data1\" content=\"PASTOCALLE\" \/>\n\t<meta name=\"twitter:label2\" content=\"Tiempo de lectura\" \/>\n\t<meta name=\"twitter:data2\" content=\"3 minutos\" \/>\n<script type=\"application\/ld+json\" class=\"yoast-schema-graph\">{\"@context\":\"https:\/\/schema.org\",\"@graph\":[{\"@type\":\"Article\",\"@id\":\"https:\/\/pastocalle.gob.ec\/cotopaxi\/5303-2\/#article\",\"isPartOf\":{\"@id\":\"https:\/\/pastocalle.gob.ec\/cotopaxi\/5303-2\/\"},\"author\":{\"name\":\"PASTOCALLE\",\"@id\":\"https:\/\/pastocalle.gob.ec\/cotopaxi\/#\/schema\/person\/7fd46b3e0daa348e1e0e5b813549d65a\"},\"headline\":\"Sin t\u00edtulo\",\"datePublished\":\"2026-04-16T21:25:12+00:00\",\"mainEntityOfPage\":{\"@id\":\"https:\/\/pastocalle.gob.ec\/cotopaxi\/5303-2\/\"},\"wordCount\":41,\"publisher\":{\"@id\":\"https:\/\/pastocalle.gob.ec\/cotopaxi\/#organization\"},\"image\":{\"@id\":\"https:\/\/pastocalle.gob.ec\/cotopaxi\/5303-2\/#primaryimage\"},\"thumbnailUrl\":\"https:\/\/pastocalle.gob.ec\/cotopaxi\/wp-content\/uploads\/2026\/04\/535473765_804739575447814_3180863868246873300_n.jpg\",\"inLanguage\":\"es\"},{\"@type\":\"WebPage\",\"@id\":\"https:\/\/pastocalle.gob.ec\/cotopaxi\/5303-2\/\",\"url\":\"https:\/\/pastocalle.gob.ec\/cotopaxi\/5303-2\/\",\"name\":\"- GAD parroquial Pastocalle\",\"isPartOf\":{\"@id\":\"https:\/\/pastocalle.gob.ec\/cotopaxi\/#website\"},\"primaryImageOfPage\":{\"@id\":\"https:\/\/pastocalle.gob.ec\/cotopaxi\/5303-2\/#primaryimage\"},\"image\":{\"@id\":\"https:\/\/pastocalle.gob.ec\/cotopaxi\/5303-2\/#primaryimage\"},\"thumbnailUrl\":\"https:\/\/pastocalle.gob.ec\/cotopaxi\/wp-content\/uploads\/2026\/04\/535473765_804739575447814_3180863868246873300_n.jpg\",\"datePublished\":\"2026-04-16T21:25:12+00:00\",\"inLanguage\":\"es\",\"potentialAction\":[{\"@type\":\"ReadAction\",\"target\":[\"https:\/\/pastocalle.gob.ec\/cotopaxi\/5303-2\/\"]}]},{\"@type\":\"ImageObject\",\"inLanguage\":\"es\",\"@id\":\"https:\/\/pastocalle.gob.ec\/cotopaxi\/5303-2\/#primaryimage\",\"url\":\"https:\/\/pastocalle.gob.ec\/cotopaxi\/wp-content\/uploads\/2026\/04\/535473765_804739575447814_3180863868246873300_n.jpg\",\"contentUrl\":\"https:\/\/pastocalle.gob.ec\/cotopaxi\/wp-content\/uploads\/2026\/04\/535473765_804739575447814_3180863868246873300_n.jpg\",\"width\":1280,\"height\":960},{\"@type\":\"WebSite\",\"@id\":\"https:\/\/pastocalle.gob.ec\/cotopaxi\/#website\",\"url\":\"https:\/\/pastocalle.gob.ec\/cotopaxi\/\",\"name\":\"GAD Parroquial de Pastocalle\",\"description\":\"Sitio Oficial del GAD Parroquial de Pastocalle Cotopaxi\",\"publisher\":{\"@id\":\"https:\/\/pastocalle.gob.ec\/cotopaxi\/#organization\"},\"potentialAction\":[{\"@type\":\"SearchAction\",\"target\":{\"@type\":\"EntryPoint\",\"urlTemplate\":\"https:\/\/pastocalle.gob.ec\/cotopaxi\/?s={search_term_string}\"},\"query-input\":{\"@type\":\"PropertyValueSpecification\",\"valueRequired\":true,\"valueName\":\"search_term_string\"}}],\"inLanguage\":\"es\"},{\"@type\":\"Organization\",\"@id\":\"https:\/\/pastocalle.gob.ec\/cotopaxi\/#organization\",\"name\":\"GAD Parroquial de Pastocalle\",\"url\":\"https:\/\/pastocalle.gob.ec\/cotopaxi\/\",\"logo\":{\"@type\":\"ImageObject\",\"inLanguage\":\"es\",\"@id\":\"https:\/\/pastocalle.gob.ec\/cotopaxi\/#\/schema\/logo\/image\/\",\"url\":\"https:\/\/pastocalle.gob.ec\/cotopaxi\/wp-content\/uploads\/2020\/06\/logoFooter.png\",\"contentUrl\":\"https:\/\/pastocalle.gob.ec\/cotopaxi\/wp-content\/uploads\/2020\/06\/logoFooter.png\",\"width\":160,\"height\":156,\"caption\":\"GAD Parroquial de Pastocalle\"},\"image\":{\"@id\":\"https:\/\/pastocalle.gob.ec\/cotopaxi\/#\/schema\/logo\/image\/\"}},{\"@type\":\"Person\",\"@id\":\"https:\/\/pastocalle.gob.ec\/cotopaxi\/#\/schema\/person\/7fd46b3e0daa348e1e0e5b813549d65a\",\"name\":\"PASTOCALLE\",\"image\":{\"@type\":\"ImageObject\",\"inLanguage\":\"es\",\"@id\":\"https:\/\/pastocalle.gob.ec\/cotopaxi\/#\/schema\/person\/image\/\",\"url\":\"https:\/\/secure.gravatar.com\/avatar\/1a8c42d7c5cc7436f5f7f4b1570a03f71a143c3f45c8f4f78705d10b56888f46?s=96&d=mm&r=g\",\"contentUrl\":\"https:\/\/secure.gravatar.com\/avatar\/1a8c42d7c5cc7436f5f7f4b1570a03f71a143c3f45c8f4f78705d10b56888f46?s=96&d=mm&r=g\",\"caption\":\"PASTOCALLE\"},\"description\":\"SAN JUAN DE PASTOCALLE, PARROQUIA PRODUCTIVA Y EMPRENDEDORA\",\"sameAs\":[\"http:\/\/www.pastocalle.gob.ec\"],\"url\":\"https:\/\/pastocalle.gob.ec\/cotopaxi\/author\/pastocalle\/\"}]}<\/script>\n<!-- \/ Yoast SEO plugin. -->","yoast_head_json":{"title":"- GAD parroquial Pastocalle","robots":{"index":"index","follow":"follow","max-snippet":"max-snippet:-1","max-image-preview":"max-image-preview:large","max-video-preview":"max-video-preview:-1"},"canonical":"https:\/\/pastocalle.gob.ec\/cotopaxi\/5303-2\/","og_locale":"es_ES","og_type":"article","og_title":"- GAD parroquial Pastocalle","og_description":"\ud835\uddd8\ud835\uddf9 \ud835\uddda\ud835\uddd4\ud835\uddd7\ud835\udde3\ud835\udde5 \ud835\udde6\ud835\uddee\ud835\uddfb \ud835\udddd\ud835\ude02\ud835\uddee\ud835\uddfb \ud835\uddf1\ud835\uddf2 \ud835\udde3\ud835\uddee\ud835\ude00\ud835\ude01\ud835\uddfc\ud835\uddf0\ud835\uddee\ud835\uddf9\ud835\uddf9\ud835\uddf2, \ud835\uddf2\ud835\uddfb \ud835\uddf0\ud835\uddfc\ud835\uddfc\ud835\uddff\ud835\uddf1\ud835\uddf6\ud835\uddfb\ud835\uddee\ud835\uddf0\ud835\uddf6\ud835\uddfc\u0301\ud835\uddfb \ud835\uddf0\ud835\uddfc\ud835\uddfb \ud835\uddf2\ud835\uddf9 \ud835\udde3\ud835\uddee\ud835\ude01\ud835\uddff\ud835\uddfc\ud835\uddfb\ud835\uddee\ud835\ude01\ud835\uddfc \ud835\udde0\ud835\ude02\ud835\uddfb\ud835\uddf6\ud835\uddf0\ud835\uddf6\ud835\uddfd\ud835\uddee\ud835\uddf9 \ud835\uddf1\ud835\uddf2 \ud835\udddf\ud835\uddee\ud835\ude01\ud835\uddee\ud835\uddf0\ud835\ude02\ud835\uddfb\ud835\uddf4\ud835\uddee, llev\u00f3 a cabo las Colonias Vacacionales 2025 Nuestros ni\u00f1os, ni\u00f1as y adolescentes disfrutaron de una d\u00eda lleno de aprendizaje, recreaci\u00f3n y diversi\u00f3n, con actividades educativas, culturales y deportivas que fortalecen valores y promueven la integraci\u00f3n comunitaria .","og_url":"https:\/\/pastocalle.gob.ec\/cotopaxi\/5303-2\/","og_site_name":"GAD parroquial Pastocalle","article_published_time":"2026-04-16T21:25:12+00:00","og_image":[{"width":1280,"height":960,"url":"https:\/\/pastocalle.gob.ec\/cotopaxi\/wp-content\/uploads\/2026\/04\/535473765_804739575447814_3180863868246873300_n.jpg","type":"image\/jpeg"}],"author":"PASTOCALLE","twitter_card":"summary_large_image","twitter_misc":{"Escrito por":"PASTOCALLE","Tiempo de lectura":"3 minutos"},"schema":{"@context":"https:\/\/schema.org","@graph":[{"@type":"Article","@id":"https:\/\/pastocalle.gob.ec\/cotopaxi\/5303-2\/#article","isPartOf":{"@id":"https:\/\/pastocalle.gob.ec\/cotopaxi\/5303-2\/"},"author":{"name":"PASTOCALLE","@id":"https:\/\/pastocalle.gob.ec\/cotopaxi\/#\/schema\/person\/7fd46b3e0daa348e1e0e5b813549d65a"},"headline":"Sin t\u00edtulo","datePublished":"2026-04-16T21:25:12+00:00","mainEntityOfPage":{"@id":"https:\/\/pastocalle.gob.ec\/cotopaxi\/5303-2\/"},"wordCount":41,"publisher":{"@id":"https:\/\/pastocalle.gob.ec\/cotopaxi\/#organization"},"image":{"@id":"https:\/\/pastocalle.gob.ec\/cotopaxi\/5303-2\/#primaryimage"},"thumbnailUrl":"https:\/\/pastocalle.gob.ec\/cotopaxi\/wp-content\/uploads\/2026\/04\/535473765_804739575447814_3180863868246873300_n.jpg","inLanguage":"es"},{"@type":"WebPage","@id":"https:\/\/pastocalle.gob.ec\/cotopaxi\/5303-2\/","url":"https:\/\/pastocalle.gob.ec\/cotopaxi\/5303-2\/","name":"- GAD parroquial Pastocalle","isPartOf":{"@id":"https:\/\/pastocalle.gob.ec\/cotopaxi\/#website"},"primaryImageOfPage":{"@id":"https:\/\/pastocalle.gob.ec\/cotopaxi\/5303-2\/#primaryimage"},"image":{"@id":"https:\/\/pastocalle.gob.ec\/cotopaxi\/5303-2\/#primaryimage"},"thumbnailUrl":"https:\/\/pastocalle.gob.ec\/cotopaxi\/wp-content\/uploads\/2026\/04\/535473765_804739575447814_3180863868246873300_n.jpg","datePublished":"2026-04-16T21:25:12+00:00","inLanguage":"es","potentialAction":[{"@type":"ReadAction","target":["https:\/\/pastocalle.gob.ec\/cotopaxi\/5303-2\/"]}]},{"@type":"ImageObject","inLanguage":"es","@id":"https:\/\/pastocalle.gob.ec\/cotopaxi\/5303-2\/#primaryimage","url":"https:\/\/pastocalle.gob.ec\/cotopaxi\/wp-content\/uploads\/2026\/04\/535473765_804739575447814_3180863868246873300_n.jpg","contentUrl":"https:\/\/pastocalle.gob.ec\/cotopaxi\/wp-content\/uploads\/2026\/04\/535473765_804739575447814_3180863868246873300_n.jpg","width":1280,"height":960},{"@type":"WebSite","@id":"https:\/\/pastocalle.gob.ec\/cotopaxi\/#website","url":"https:\/\/pastocalle.gob.ec\/cotopaxi\/","name":"GAD Parroquial de Pastocalle","description":"Sitio Oficial del GAD Parroquial de Pastocalle Cotopaxi","publisher":{"@id":"https:\/\/pastocalle.gob.ec\/cotopaxi\/#organization"},"potentialAction":[{"@type":"SearchAction","target":{"@type":"EntryPoint","urlTemplate":"https:\/\/pastocalle.gob.ec\/cotopaxi\/?s={search_term_string}"},"query-input":{"@type":"PropertyValueSpecification","valueRequired":true,"valueName":"search_term_string"}}],"inLanguage":"es"},{"@type":"Organization","@id":"https:\/\/pastocalle.gob.ec\/cotopaxi\/#organization","name":"GAD Parroquial de Pastocalle","url":"https:\/\/pastocalle.gob.ec\/cotopaxi\/","logo":{"@type":"ImageObject","inLanguage":"es","@id":"https:\/\/pastocalle.gob.ec\/cotopaxi\/#\/schema\/logo\/image\/","url":"https:\/\/pastocalle.gob.ec\/cotopaxi\/wp-content\/uploads\/2020\/06\/logoFooter.png","contentUrl":"https:\/\/pastocalle.gob.ec\/cotopaxi\/wp-content\/uploads\/2020\/06\/logoFooter.png","width":160,"height":156,"caption":"GAD Parroquial de Pastocalle"},"image":{"@id":"https:\/\/pastocalle.gob.ec\/cotopaxi\/#\/schema\/logo\/image\/"}},{"@type":"Person","@id":"https:\/\/pastocalle.gob.ec\/cotopaxi\/#\/schema\/person\/7fd46b3e0daa348e1e0e5b813549d65a","name":"PASTOCALLE","image":{"@type":"ImageObject","inLanguage":"es","@id":"https:\/\/pastocalle.gob.ec\/cotopaxi\/#\/schema\/person\/image\/","url":"https:\/\/secure.gravatar.com\/avatar\/1a8c42d7c5cc7436f5f7f4b1570a03f71a143c3f45c8f4f78705d10b56888f46?s=96&d=mm&r=g","contentUrl":"https:\/\/secure.gravatar.com\/avatar\/1a8c42d7c5cc7436f5f7f4b1570a03f71a143c3f45c8f4f78705d10b56888f46?s=96&d=mm&r=g","caption":"PASTOCALLE"},"description":"SAN JUAN DE PASTOCALLE, PARROQUIA PRODUCTIVA Y EMPRENDEDORA","sameAs":["http:\/\/www.pastocalle.gob.ec"],"url":"https:\/\/pastocalle.gob.ec\/cotopaxi\/author\/pastocalle\/"}]}},"_links":{"self":[{"href":"https:\/\/pastocalle.gob.ec\/cotopaxi\/wp-json\/wp\/v2\/posts\/5303","targetHints":{"allow":["GET"]}}],"collection":[{"href":"https:\/\/pastocalle.gob.ec\/cotopaxi\/wp-json\/wp\/v2\/posts"}],"about":[{"href":"https:\/\/pastocalle.gob.ec\/cotopaxi\/wp-json\/wp\/v2\/types\/post"}],"author":[{"embeddable":true,"href":"https:\/\/pastocalle.gob.ec\/cotopaxi\/wp-json\/wp\/v2\/users\/3"}],"replies":[{"embeddable":true,"href":"https:\/\/pastocalle.gob.ec\/cotopaxi\/wp-json\/wp\/v2\/comments?post=5303"}],"version-history":[{"count":1,"href":"https:\/\/pastocalle.gob.ec\/cotopaxi\/wp-json\/wp\/v2\/posts\/5303\/revisions"}],"predecessor-version":[{"id":5307,"href":"https:\/\/pastocalle.gob.ec\/cotopaxi\/wp-json\/wp\/v2\/posts\/5303\/revisions\/5307"}],"wp:featuredmedia":[{"embeddable":true,"href":"https:\/\/pastocalle.gob.ec\/cotopaxi\/wp-json\/wp\/v2\/media\/5304"}],"wp:attachment":[{"href":"https:\/\/pastocalle.gob.ec\/cotopaxi\/wp-json\/wp\/v2\/media?parent=5303"}],"wp:term":[{"taxonomy":"category","embeddable":true,"href":"https:\/\/pastocalle.gob.ec\/cotopaxi\/wp-json\/wp\/v2\/categories?post=5303"},{"taxonomy":"post_tag","embeddable":true,"href":"https:\/\/pastocalle.gob.ec\/cotopaxi\/wp-json\/wp\/v2\/tags?post=5303"}],"curies":[{"name":"wp","href":"https:\/\/api.w.org\/{rel}","templated":true}]}}