{"id":5383,"date":"2026-04-16T17:47:19","date_gmt":"2026-04-16T21:47:19","guid":{"rendered":"https:\/\/pastocalle.gob.ec\/cotopaxi\/?p=5383"},"modified":"2026-04-16T17:47:25","modified_gmt":"2026-04-16T21:47:25","slug":"5383-2","status":"publish","type":"post","link":"https:\/\/pastocalle.gob.ec\/cotopaxi\/5383-2\/","title":{"rendered":""},"content":{"rendered":"<div class=\"xdj266r x14z9mp xat24cr x1lziwak x1vvkbs x126k92a\">\n<div dir=\"auto\"><span class=\"html-span xexx8yu xyri2b x18d9i69 x1c1uobl x1hl2dhg x16tdsg8 x1vvkbs x3nfvp2 x1j61x8r x1fcty0u xdj266r xat24cr xm2jcoa x1mpyi22 xxymvpz xlup9mm x1kky2od\"><img loading=\"lazy\" decoding=\"async\" class=\"xz74otr x15mokao x1ga7v0g x16uus16 xbiv7yw\" src=\"https:\/\/static.xx.fbcdn.net\/images\/emoji.php\/v9\/t39\/1\/16\/1f4e2.png\" alt=\"\ud83d\udce2\" width=\"16\" height=\"16\" \/><\/span> <span class=\"html-span xexx8yu xyri2b x18d9i69 x1c1uobl x1hl2dhg x16tdsg8 x1vvkbs x3nfvp2 x1j61x8r x1fcty0u xdj266r xat24cr xm2jcoa x1mpyi22 xxymvpz xlup9mm x1kky2od\"><img loading=\"lazy\" decoding=\"async\" class=\"xz74otr x15mokao x1ga7v0g x16uus16 xbiv7yw\" src=\"https:\/\/static.xx.fbcdn.net\/images\/emoji.php\/v9\/tac\/1\/16\/1f4cc.png\" alt=\"\ud83d\udccc\" width=\"16\" height=\"16\" \/><\/span>\ud835\udc74\ud835\udc82\ud835\udc8f\ud835\udc95\ud835\udc86\ud835\udc8f\ud835\udc86\ud835\udc93 \ud835\udc8d\ud835\udc90\ud835\udc94 \ud835\udc86\ud835\udc94\ud835\udc91\ud835\udc82\ud835\udc84\ud835\udc8a\ud835\udc90\ud835\udc94 \ud835\udc8d\ud835\udc8a\ud835\udc8e\ud835\udc91\ud835\udc8a\ud835\udc90\ud835\udc94.<\/div>\n<\/div>\n<div class=\"x14z9mp xat24cr x1lziwak x1vvkbs xtlvy1s x126k92a\">\n<div dir=\"auto\">\ud835\udc6c\ud835\udc8d \ud835\udc6e\ud835\udc68\ud835\udc6b \ud835\udc77\ud835\udc82\ud835\udc93\ud835\udc93\ud835\udc90\ud835\udc92\ud835\udc96\ud835\udc8a\ud835\udc82\ud835\udc8d \ud835\udc79\ud835\udc96\ud835\udc93\ud835\udc82\ud835\udc8d \ud835\udc7a\ud835\udc82\ud835\udc8f \ud835\udc71\ud835\udc96\ud835\udc82\ud835\udc8f \ud835\udc85\ud835\udc86 \ud835\udc77\ud835\udc82\ud835\udc94\ud835\udc95\ud835\udc90\ud835\udc84\ud835\udc82\ud835\udc8d\ud835\udc8d\ud835\udc86, informa a toda la ciudadan\u00eda que con motivo del feriado por el D\u00eda de los Difuntos y para mantener las \u00e1reas verdes de nuestra parroquia limpias y acogedoras, hemos realizado labores de limpieza en los espacios p\u00fablicos de nuestro territorio.<\/div>\n<div dir=\"auto\"><img loading=\"lazy\" decoding=\"async\" class=\"alignnone size-thumbnail wp-image-5384\" src=\"https:\/\/pastocalle.gob.ec\/cotopaxi\/wp-content\/uploads\/2026\/04\/572959165_870639932191111_5331400777302360691_n-150x150.jpg\" alt=\"\" width=\"150\" height=\"150\" \/> <img loading=\"lazy\" decoding=\"async\" class=\"alignnone size-thumbnail wp-image-5385\" src=\"https:\/\/pastocalle.gob.ec\/cotopaxi\/wp-content\/uploads\/2026\/04\/572273402_870639908857780_5277392849965731513_n-150x150.jpg\" alt=\"\" width=\"150\" height=\"150\" \/> <img loading=\"lazy\" decoding=\"async\" class=\"alignnone size-thumbnail wp-image-5386\" src=\"https:\/\/pastocalle.gob.ec\/cotopaxi\/wp-content\/uploads\/2026\/04\/572089046_870639882191116_4425138309012455227_n-150x150.jpg\" alt=\"\" width=\"150\" height=\"150\" \/> <img loading=\"lazy\" decoding=\"async\" class=\"alignnone size-thumbnail wp-image-5387\" src=\"https:\/\/pastocalle.gob.ec\/cotopaxi\/wp-content\/uploads\/2026\/04\/571765815_870639872191117_4405699857769043972_n-150x150.jpg\" alt=\"\" width=\"150\" height=\"150\" \/><\/div>\n<\/div>\n","protected":false},"excerpt":{"rendered":"<p>\ud835\udc74\ud835\udc82\ud835\udc8f\ud835\udc95\ud835\udc86\ud835\udc8f\ud835\udc86\ud835\udc93 \ud835\udc8d\ud835\udc90\ud835\udc94 \ud835\udc86\ud835\udc94\ud835\udc91\ud835\udc82\ud835\udc84\ud835\udc8a\ud835\udc90\ud835\udc94 \ud835\udc8d\ud835\udc8a\ud835\udc8e\ud835\udc91\ud835\udc8a\ud835\udc90\ud835\udc94. \ud835\udc6c\ud835\udc8d \ud835\udc6e\ud835\udc68\ud835\udc6b \ud835\udc77\ud835\udc82\ud835\udc93\ud835\udc93\ud835\udc90\ud835\udc92\ud835\udc96\ud835\udc8a\ud835\udc82\ud835\udc8d \ud835\udc79\ud835\udc96\ud835\udc93\ud835\udc82\ud835\udc8d \ud835\udc7a\ud835\udc82\ud835\udc8f \ud835\udc71\ud835\udc96\ud835\udc82\ud835\udc8f \ud835\udc85\ud835\udc86 \ud835\udc77\ud835\udc82\ud835\udc94\ud835\udc95\ud835\udc90\ud835\udc84\ud835\udc82\ud835\udc8d\ud835\udc8d\ud835\udc86, informa a toda la ciudadan\u00eda que con motivo del feriado por el D\u00eda de los Difuntos y para mantener las \u00e1reas verdes de nuestra parroquia limpias y acogedoras, hemos realizado labores de limpieza en los espacios p\u00fablicos de nuestro territorio.<\/p>\n","protected":false},"author":3,"featured_media":5386,"comment_status":"closed","ping_status":"closed","sticky":false,"template":"","format":"standard","meta":{"footnotes":""},"categories":[1],"tags":[],"class_list":["post-5383","post","type-post","status-publish","format-standard","has-post-thumbnail","hentry","category-sin-categoria"],"yoast_head":"<!-- This site is optimized with the Yoast SEO plugin v26.9 - https:\/\/yoast.com\/product\/yoast-seo-wordpress\/ -->\n<title>- GAD parroquial Pastocalle<\/title>\n<meta name=\"robots\" content=\"index, follow, max-snippet:-1, max-image-preview:large, max-video-preview:-1\" \/>\n<link rel=\"canonical\" href=\"https:\/\/pastocalle.gob.ec\/cotopaxi\/5383-2\/\" \/>\n<meta property=\"og:locale\" content=\"es_ES\" \/>\n<meta property=\"og:type\" content=\"article\" \/>\n<meta property=\"og:title\" content=\"- GAD parroquial Pastocalle\" \/>\n<meta property=\"og:description\" content=\"\ud835\udc74\ud835\udc82\ud835\udc8f\ud835\udc95\ud835\udc86\ud835\udc8f\ud835\udc86\ud835\udc93 \ud835\udc8d\ud835\udc90\ud835\udc94 \ud835\udc86\ud835\udc94\ud835\udc91\ud835\udc82\ud835\udc84\ud835\udc8a\ud835\udc90\ud835\udc94 \ud835\udc8d\ud835\udc8a\ud835\udc8e\ud835\udc91\ud835\udc8a\ud835\udc90\ud835\udc94. \ud835\udc6c\ud835\udc8d \ud835\udc6e\ud835\udc68\ud835\udc6b \ud835\udc77\ud835\udc82\ud835\udc93\ud835\udc93\ud835\udc90\ud835\udc92\ud835\udc96\ud835\udc8a\ud835\udc82\ud835\udc8d \ud835\udc79\ud835\udc96\ud835\udc93\ud835\udc82\ud835\udc8d \ud835\udc7a\ud835\udc82\ud835\udc8f \ud835\udc71\ud835\udc96\ud835\udc82\ud835\udc8f \ud835\udc85\ud835\udc86 \ud835\udc77\ud835\udc82\ud835\udc94\ud835\udc95\ud835\udc90\ud835\udc84\ud835\udc82\ud835\udc8d\ud835\udc8d\ud835\udc86, informa a toda la ciudadan\u00eda que con motivo del feriado por el D\u00eda de los Difuntos y para mantener las \u00e1reas verdes de nuestra parroquia limpias y acogedoras, hemos realizado labores de limpieza en los espacios p\u00fablicos de nuestro territorio.\" \/>\n<meta property=\"og:url\" content=\"https:\/\/pastocalle.gob.ec\/cotopaxi\/5383-2\/\" \/>\n<meta property=\"og:site_name\" content=\"GAD parroquial Pastocalle\" \/>\n<meta property=\"article:published_time\" content=\"2026-04-16T21:47:19+00:00\" \/>\n<meta property=\"article:modified_time\" content=\"2026-04-16T21:47:25+00:00\" \/>\n<meta property=\"og:image\" content=\"https:\/\/pastocalle.gob.ec\/cotopaxi\/wp-content\/uploads\/2026\/04\/572089046_870639882191116_4425138309012455227_n.jpg\" \/>\n\t<meta property=\"og:image:width\" content=\"972\" \/>\n\t<meta property=\"og:image:height\" content=\"1296\" \/>\n\t<meta property=\"og:image:type\" content=\"image\/jpeg\" \/>\n<meta name=\"author\" content=\"PASTOCALLE\" \/>\n<meta name=\"twitter:card\" content=\"summary_large_image\" \/>\n<meta name=\"twitter:label1\" content=\"Escrito por\" \/>\n\t<meta name=\"twitter:data1\" content=\"PASTOCALLE\" \/>\n\t<meta name=\"twitter:label2\" content=\"Tiempo de lectura\" \/>\n\t<meta name=\"twitter:data2\" content=\"2 minutos\" \/>\n<script type=\"application\/ld+json\" class=\"yoast-schema-graph\">{\"@context\":\"https:\/\/schema.org\",\"@graph\":[{\"@type\":\"Article\",\"@id\":\"https:\/\/pastocalle.gob.ec\/cotopaxi\/5383-2\/#article\",\"isPartOf\":{\"@id\":\"https:\/\/pastocalle.gob.ec\/cotopaxi\/5383-2\/\"},\"author\":{\"name\":\"PASTOCALLE\",\"@id\":\"https:\/\/pastocalle.gob.ec\/cotopaxi\/#\/schema\/person\/7fd46b3e0daa348e1e0e5b813549d65a\"},\"headline\":\"Sin t\u00edtulo\",\"datePublished\":\"2026-04-16T21:47:19+00:00\",\"dateModified\":\"2026-04-16T21:47:25+00:00\",\"mainEntityOfPage\":{\"@id\":\"https:\/\/pastocalle.gob.ec\/cotopaxi\/5383-2\/\"},\"wordCount\":43,\"publisher\":{\"@id\":\"https:\/\/pastocalle.gob.ec\/cotopaxi\/#organization\"},\"image\":{\"@id\":\"https:\/\/pastocalle.gob.ec\/cotopaxi\/5383-2\/#primaryimage\"},\"thumbnailUrl\":\"https:\/\/pastocalle.gob.ec\/cotopaxi\/wp-content\/uploads\/2026\/04\/572089046_870639882191116_4425138309012455227_n.jpg\",\"inLanguage\":\"es\"},{\"@type\":\"WebPage\",\"@id\":\"https:\/\/pastocalle.gob.ec\/cotopaxi\/5383-2\/\",\"url\":\"https:\/\/pastocalle.gob.ec\/cotopaxi\/5383-2\/\",\"name\":\"- GAD parroquial Pastocalle\",\"isPartOf\":{\"@id\":\"https:\/\/pastocalle.gob.ec\/cotopaxi\/#website\"},\"primaryImageOfPage\":{\"@id\":\"https:\/\/pastocalle.gob.ec\/cotopaxi\/5383-2\/#primaryimage\"},\"image\":{\"@id\":\"https:\/\/pastocalle.gob.ec\/cotopaxi\/5383-2\/#primaryimage\"},\"thumbnailUrl\":\"https:\/\/pastocalle.gob.ec\/cotopaxi\/wp-content\/uploads\/2026\/04\/572089046_870639882191116_4425138309012455227_n.jpg\",\"datePublished\":\"2026-04-16T21:47:19+00:00\",\"dateModified\":\"2026-04-16T21:47:25+00:00\",\"inLanguage\":\"es\",\"potentialAction\":[{\"@type\":\"ReadAction\",\"target\":[\"https:\/\/pastocalle.gob.ec\/cotopaxi\/5383-2\/\"]}]},{\"@type\":\"ImageObject\",\"inLanguage\":\"es\",\"@id\":\"https:\/\/pastocalle.gob.ec\/cotopaxi\/5383-2\/#primaryimage\",\"url\":\"https:\/\/pastocalle.gob.ec\/cotopaxi\/wp-content\/uploads\/2026\/04\/572089046_870639882191116_4425138309012455227_n.jpg\",\"contentUrl\":\"https:\/\/pastocalle.gob.ec\/cotopaxi\/wp-content\/uploads\/2026\/04\/572089046_870639882191116_4425138309012455227_n.jpg\",\"width\":972,\"height\":1296},{\"@type\":\"WebSite\",\"@id\":\"https:\/\/pastocalle.gob.ec\/cotopaxi\/#website\",\"url\":\"https:\/\/pastocalle.gob.ec\/cotopaxi\/\",\"name\":\"GAD Parroquial de Pastocalle\",\"description\":\"Sitio Oficial del GAD Parroquial de Pastocalle Cotopaxi\",\"publisher\":{\"@id\":\"https:\/\/pastocalle.gob.ec\/cotopaxi\/#organization\"},\"potentialAction\":[{\"@type\":\"SearchAction\",\"target\":{\"@type\":\"EntryPoint\",\"urlTemplate\":\"https:\/\/pastocalle.gob.ec\/cotopaxi\/?s={search_term_string}\"},\"query-input\":{\"@type\":\"PropertyValueSpecification\",\"valueRequired\":true,\"valueName\":\"search_term_string\"}}],\"inLanguage\":\"es\"},{\"@type\":\"Organization\",\"@id\":\"https:\/\/pastocalle.gob.ec\/cotopaxi\/#organization\",\"name\":\"GAD Parroquial de Pastocalle\",\"url\":\"https:\/\/pastocalle.gob.ec\/cotopaxi\/\",\"logo\":{\"@type\":\"ImageObject\",\"inLanguage\":\"es\",\"@id\":\"https:\/\/pastocalle.gob.ec\/cotopaxi\/#\/schema\/logo\/image\/\",\"url\":\"https:\/\/pastocalle.gob.ec\/cotopaxi\/wp-content\/uploads\/2020\/06\/logoFooter.png\",\"contentUrl\":\"https:\/\/pastocalle.gob.ec\/cotopaxi\/wp-content\/uploads\/2020\/06\/logoFooter.png\",\"width\":160,\"height\":156,\"caption\":\"GAD Parroquial de Pastocalle\"},\"image\":{\"@id\":\"https:\/\/pastocalle.gob.ec\/cotopaxi\/#\/schema\/logo\/image\/\"}},{\"@type\":\"Person\",\"@id\":\"https:\/\/pastocalle.gob.ec\/cotopaxi\/#\/schema\/person\/7fd46b3e0daa348e1e0e5b813549d65a\",\"name\":\"PASTOCALLE\",\"image\":{\"@type\":\"ImageObject\",\"inLanguage\":\"es\",\"@id\":\"https:\/\/pastocalle.gob.ec\/cotopaxi\/#\/schema\/person\/image\/\",\"url\":\"https:\/\/secure.gravatar.com\/avatar\/1a8c42d7c5cc7436f5f7f4b1570a03f71a143c3f45c8f4f78705d10b56888f46?s=96&d=mm&r=g\",\"contentUrl\":\"https:\/\/secure.gravatar.com\/avatar\/1a8c42d7c5cc7436f5f7f4b1570a03f71a143c3f45c8f4f78705d10b56888f46?s=96&d=mm&r=g\",\"caption\":\"PASTOCALLE\"},\"description\":\"SAN JUAN DE PASTOCALLE, PARROQUIA PRODUCTIVA Y EMPRENDEDORA\",\"sameAs\":[\"http:\/\/www.pastocalle.gob.ec\"],\"url\":\"https:\/\/pastocalle.gob.ec\/cotopaxi\/author\/pastocalle\/\"}]}<\/script>\n<!-- \/ Yoast SEO plugin. -->","yoast_head_json":{"title":"- GAD parroquial Pastocalle","robots":{"index":"index","follow":"follow","max-snippet":"max-snippet:-1","max-image-preview":"max-image-preview:large","max-video-preview":"max-video-preview:-1"},"canonical":"https:\/\/pastocalle.gob.ec\/cotopaxi\/5383-2\/","og_locale":"es_ES","og_type":"article","og_title":"- GAD parroquial Pastocalle","og_description":"\ud835\udc74\ud835\udc82\ud835\udc8f\ud835\udc95\ud835\udc86\ud835\udc8f\ud835\udc86\ud835\udc93 \ud835\udc8d\ud835\udc90\ud835\udc94 \ud835\udc86\ud835\udc94\ud835\udc91\ud835\udc82\ud835\udc84\ud835\udc8a\ud835\udc90\ud835\udc94 \ud835\udc8d\ud835\udc8a\ud835\udc8e\ud835\udc91\ud835\udc8a\ud835\udc90\ud835\udc94. \ud835\udc6c\ud835\udc8d \ud835\udc6e\ud835\udc68\ud835\udc6b \ud835\udc77\ud835\udc82\ud835\udc93\ud835\udc93\ud835\udc90\ud835\udc92\ud835\udc96\ud835\udc8a\ud835\udc82\ud835\udc8d \ud835\udc79\ud835\udc96\ud835\udc93\ud835\udc82\ud835\udc8d \ud835\udc7a\ud835\udc82\ud835\udc8f \ud835\udc71\ud835\udc96\ud835\udc82\ud835\udc8f \ud835\udc85\ud835\udc86 \ud835\udc77\ud835\udc82\ud835\udc94\ud835\udc95\ud835\udc90\ud835\udc84\ud835\udc82\ud835\udc8d\ud835\udc8d\ud835\udc86, informa a toda la ciudadan\u00eda que con motivo del feriado por el D\u00eda de los Difuntos y para mantener las \u00e1reas verdes de nuestra parroquia limpias y acogedoras, hemos realizado labores de limpieza en los espacios p\u00fablicos de nuestro territorio.","og_url":"https:\/\/pastocalle.gob.ec\/cotopaxi\/5383-2\/","og_site_name":"GAD parroquial Pastocalle","article_published_time":"2026-04-16T21:47:19+00:00","article_modified_time":"2026-04-16T21:47:25+00:00","og_image":[{"width":972,"height":1296,"url":"https:\/\/pastocalle.gob.ec\/cotopaxi\/wp-content\/uploads\/2026\/04\/572089046_870639882191116_4425138309012455227_n.jpg","type":"image\/jpeg"}],"author":"PASTOCALLE","twitter_card":"summary_large_image","twitter_misc":{"Escrito por":"PASTOCALLE","Tiempo de lectura":"2 minutos"},"schema":{"@context":"https:\/\/schema.org","@graph":[{"@type":"Article","@id":"https:\/\/pastocalle.gob.ec\/cotopaxi\/5383-2\/#article","isPartOf":{"@id":"https:\/\/pastocalle.gob.ec\/cotopaxi\/5383-2\/"},"author":{"name":"PASTOCALLE","@id":"https:\/\/pastocalle.gob.ec\/cotopaxi\/#\/schema\/person\/7fd46b3e0daa348e1e0e5b813549d65a"},"headline":"Sin t\u00edtulo","datePublished":"2026-04-16T21:47:19+00:00","dateModified":"2026-04-16T21:47:25+00:00","mainEntityOfPage":{"@id":"https:\/\/pastocalle.gob.ec\/cotopaxi\/5383-2\/"},"wordCount":43,"publisher":{"@id":"https:\/\/pastocalle.gob.ec\/cotopaxi\/#organization"},"image":{"@id":"https:\/\/pastocalle.gob.ec\/cotopaxi\/5383-2\/#primaryimage"},"thumbnailUrl":"https:\/\/pastocalle.gob.ec\/cotopaxi\/wp-content\/uploads\/2026\/04\/572089046_870639882191116_4425138309012455227_n.jpg","inLanguage":"es"},{"@type":"WebPage","@id":"https:\/\/pastocalle.gob.ec\/cotopaxi\/5383-2\/","url":"https:\/\/pastocalle.gob.ec\/cotopaxi\/5383-2\/","name":"- GAD parroquial Pastocalle","isPartOf":{"@id":"https:\/\/pastocalle.gob.ec\/cotopaxi\/#website"},"primaryImageOfPage":{"@id":"https:\/\/pastocalle.gob.ec\/cotopaxi\/5383-2\/#primaryimage"},"image":{"@id":"https:\/\/pastocalle.gob.ec\/cotopaxi\/5383-2\/#primaryimage"},"thumbnailUrl":"https:\/\/pastocalle.gob.ec\/cotopaxi\/wp-content\/uploads\/2026\/04\/572089046_870639882191116_4425138309012455227_n.jpg","datePublished":"2026-04-16T21:47:19+00:00","dateModified":"2026-04-16T21:47:25+00:00","inLanguage":"es","potentialAction":[{"@type":"ReadAction","target":["https:\/\/pastocalle.gob.ec\/cotopaxi\/5383-2\/"]}]},{"@type":"ImageObject","inLanguage":"es","@id":"https:\/\/pastocalle.gob.ec\/cotopaxi\/5383-2\/#primaryimage","url":"https:\/\/pastocalle.gob.ec\/cotopaxi\/wp-content\/uploads\/2026\/04\/572089046_870639882191116_4425138309012455227_n.jpg","contentUrl":"https:\/\/pastocalle.gob.ec\/cotopaxi\/wp-content\/uploads\/2026\/04\/572089046_870639882191116_4425138309012455227_n.jpg","width":972,"height":1296},{"@type":"WebSite","@id":"https:\/\/pastocalle.gob.ec\/cotopaxi\/#website","url":"https:\/\/pastocalle.gob.ec\/cotopaxi\/","name":"GAD Parroquial de Pastocalle","description":"Sitio Oficial del GAD Parroquial de Pastocalle Cotopaxi","publisher":{"@id":"https:\/\/pastocalle.gob.ec\/cotopaxi\/#organization"},"potentialAction":[{"@type":"SearchAction","target":{"@type":"EntryPoint","urlTemplate":"https:\/\/pastocalle.gob.ec\/cotopaxi\/?s={search_term_string}"},"query-input":{"@type":"PropertyValueSpecification","valueRequired":true,"valueName":"search_term_string"}}],"inLanguage":"es"},{"@type":"Organization","@id":"https:\/\/pastocalle.gob.ec\/cotopaxi\/#organization","name":"GAD Parroquial de Pastocalle","url":"https:\/\/pastocalle.gob.ec\/cotopaxi\/","logo":{"@type":"ImageObject","inLanguage":"es","@id":"https:\/\/pastocalle.gob.ec\/cotopaxi\/#\/schema\/logo\/image\/","url":"https:\/\/pastocalle.gob.ec\/cotopaxi\/wp-content\/uploads\/2020\/06\/logoFooter.png","contentUrl":"https:\/\/pastocalle.gob.ec\/cotopaxi\/wp-content\/uploads\/2020\/06\/logoFooter.png","width":160,"height":156,"caption":"GAD Parroquial de Pastocalle"},"image":{"@id":"https:\/\/pastocalle.gob.ec\/cotopaxi\/#\/schema\/logo\/image\/"}},{"@type":"Person","@id":"https:\/\/pastocalle.gob.ec\/cotopaxi\/#\/schema\/person\/7fd46b3e0daa348e1e0e5b813549d65a","name":"PASTOCALLE","image":{"@type":"ImageObject","inLanguage":"es","@id":"https:\/\/pastocalle.gob.ec\/cotopaxi\/#\/schema\/person\/image\/","url":"https:\/\/secure.gravatar.com\/avatar\/1a8c42d7c5cc7436f5f7f4b1570a03f71a143c3f45c8f4f78705d10b56888f46?s=96&d=mm&r=g","contentUrl":"https:\/\/secure.gravatar.com\/avatar\/1a8c42d7c5cc7436f5f7f4b1570a03f71a143c3f45c8f4f78705d10b56888f46?s=96&d=mm&r=g","caption":"PASTOCALLE"},"description":"SAN JUAN DE PASTOCALLE, PARROQUIA PRODUCTIVA Y EMPRENDEDORA","sameAs":["http:\/\/www.pastocalle.gob.ec"],"url":"https:\/\/pastocalle.gob.ec\/cotopaxi\/author\/pastocalle\/"}]}},"_links":{"self":[{"href":"https:\/\/pastocalle.gob.ec\/cotopaxi\/wp-json\/wp\/v2\/posts\/5383","targetHints":{"allow":["GET"]}}],"collection":[{"href":"https:\/\/pastocalle.gob.ec\/cotopaxi\/wp-json\/wp\/v2\/posts"}],"about":[{"href":"https:\/\/pastocalle.gob.ec\/cotopaxi\/wp-json\/wp\/v2\/types\/post"}],"author":[{"embeddable":true,"href":"https:\/\/pastocalle.gob.ec\/cotopaxi\/wp-json\/wp\/v2\/users\/3"}],"replies":[{"embeddable":true,"href":"https:\/\/pastocalle.gob.ec\/cotopaxi\/wp-json\/wp\/v2\/comments?post=5383"}],"version-history":[{"count":1,"href":"https:\/\/pastocalle.gob.ec\/cotopaxi\/wp-json\/wp\/v2\/posts\/5383\/revisions"}],"predecessor-version":[{"id":5388,"href":"https:\/\/pastocalle.gob.ec\/cotopaxi\/wp-json\/wp\/v2\/posts\/5383\/revisions\/5388"}],"wp:featuredmedia":[{"embeddable":true,"href":"https:\/\/pastocalle.gob.ec\/cotopaxi\/wp-json\/wp\/v2\/media\/5386"}],"wp:attachment":[{"href":"https:\/\/pastocalle.gob.ec\/cotopaxi\/wp-json\/wp\/v2\/media?parent=5383"}],"wp:term":[{"taxonomy":"category","embeddable":true,"href":"https:\/\/pastocalle.gob.ec\/cotopaxi\/wp-json\/wp\/v2\/categories?post=5383"},{"taxonomy":"post_tag","embeddable":true,"href":"https:\/\/pastocalle.gob.ec\/cotopaxi\/wp-json\/wp\/v2\/tags?post=5383"}],"curies":[{"name":"wp","href":"https:\/\/api.w.org\/{rel}","templated":true}]}}